{"id":1171,"date":"2022-03-19T11:26:43","date_gmt":"2022-03-19T10:26:43","guid":{"rendered":"http:\/\/bymanden.dk\/?p=1171"},"modified":"2022-03-19T11:26:43","modified_gmt":"2022-03-19T10:26:43","slug":"luftvaabnets-vinger-ved-kirken","status":"publish","type":"post","link":"http:\/\/bymanden.dk\/?p=1171","title":{"rendered":"Luftv\u00e5bnets vinger ved kirken"},"content":{"rendered":"\n<figure class=\"wp-block-image size-large\"><img loading=\"lazy\" decoding=\"async\" width=\"768\" height=\"1024\" src=\"http:\/\/bymanden.dk\/wp-content\/uploads\/2022\/03\/Luftminde-768x1024.jpg\" alt=\"\" class=\"wp-image-1172\" srcset=\"http:\/\/bymanden.dk\/wp-content\/uploads\/2022\/03\/Luftminde-768x1024.jpg 768w, http:\/\/bymanden.dk\/wp-content\/uploads\/2022\/03\/Luftminde-225x300.jpg 225w, http:\/\/bymanden.dk\/wp-content\/uploads\/2022\/03\/Luftminde.jpg 960w\" sizes=\"auto, (max-width: 768px) 100vw, 768px\" \/><\/figure>\n\n\n\n<p>En mindesten af bl\u00e5riflet, hvid brasiliansk marmor st\u00e5r og vigter sig lidt ved domkirkens sydside. Mod kirkens ensartede granit er den som den ber\u00f8mte svane i andeg\u00e5rden.<\/p>\n\n\n\n<p>Det kongelige danske Flyvev\u00e5ben har siden den 1. oktober 2000 haft sin mindesten. Da fyldte Flyvev\u00e5bnet 50 \u00e5r. Den st\u00e5r til minde om dem, der satte livet til i v\u00e5bnets tjeneste. Samtidig vidner den om, at Flyvev\u00e5bnet med sin flyverprovst har en s\u00e6rlig tilknytning til Viborg Domkirke.<\/p>\n\n\n\n<p>Hvert \u00e5r den 1. oktober finder en h\u00f8jtidelighed sted ved mindestenen. Ogs\u00e5 inde i kirken markerer Flyvev\u00e5bnet sig. Her st\u00e5r en montre med en mindebog. Bogen indeholder navnene p\u00e5 dem, der mistede livet.<\/p>\n\n\n\n<p>Viborg-arkitekt Thomas Meedom-B\u00e6ch har tegnet montren, der er af tr\u00e6, messing og glas. Kronprinsparret afsl\u00f8rede bog og montre ved Flyvev\u00e5bnets 60-\u00e5rs-dag.<\/p>\n\n\n\n<p>Til eftertanke b\u00e6rer mindestenen to linjer fra Helge Rodes &#8220;Som en rejselysten fl\u00e5de&#8221;: &#8220;Medens vi med trofast sind s\u00e6tter al vor gerning ind&#8221;.<\/p>\n","protected":false},"excerpt":{"rendered":"<p>En mindesten af bl\u00e5riflet, hvid brasiliansk marmor st\u00e5r og vigter sig lidt ved domkirkens sydside. Mod kirkens ensartede granit er den som den ber\u00f8mte svane i andeg\u00e5rden. Det kongelige danske Flyvev\u00e5ben har siden den 1. oktober 2000 haft sin mindesten. Da fyldte Flyvev\u00e5bnet 50 \u00e5r. Den st\u00e5r til minde om dem, der satte livet til &hellip; <a href=\"http:\/\/bymanden.dk\/?p=1171\" class=\"more-link\">L\u00e6s mere <span class=\"screen-reader-text\">Luftv\u00e5bnets vinger ved kirken<\/span><\/a><\/p>\n","protected":false},"author":1,"featured_media":0,"comment_status":"open","ping_status":"open","sticky":false,"template":"","format":"standard","meta":{"footnotes":""},"categories":[9],"tags":[],"class_list":["post-1171","post","type-post","status-publish","format-standard","hentry","category-talende-detaljer"],"_links":{"self":[{"href":"http:\/\/bymanden.dk\/index.php?rest_route=\/wp\/v2\/posts\/1171","targetHints":{"allow":["GET"]}}],"collection":[{"href":"http:\/\/bymanden.dk\/index.php?rest_route=\/wp\/v2\/posts"}],"about":[{"href":"http:\/\/bymanden.dk\/index.php?rest_route=\/wp\/v2\/types\/post"}],"author":[{"embeddable":true,"href":"http:\/\/bymanden.dk\/index.php?rest_route=\/wp\/v2\/users\/1"}],"replies":[{"embeddable":true,"href":"http:\/\/bymanden.dk\/index.php?rest_route=%2Fwp%2Fv2%2Fcomments&post=1171"}],"version-history":[{"count":0,"href":"http:\/\/bymanden.dk\/index.php?rest_route=\/wp\/v2\/posts\/1171\/revisions"}],"wp:attachment":[{"href":"http:\/\/bymanden.dk\/index.php?rest_route=%2Fwp%2Fv2%2Fmedia&parent=1171"}],"wp:term":[{"taxonomy":"category","embeddable":true,"href":"http:\/\/bymanden.dk\/index.php?rest_route=%2Fwp%2Fv2%2Fcategories&post=1171"},{"taxonomy":"post_tag","embeddable":true,"href":"http:\/\/bymanden.dk\/index.php?rest_route=%2Fwp%2Fv2%2Ftags&post=1171"}],"curies":[{"name":"wp","href":"https:\/\/api.w.org\/{rel}","templated":true}]}}