{"id":1205,"date":"2022-07-13T11:54:50","date_gmt":"2022-07-13T09:54:50","guid":{"rendered":"http:\/\/bymanden.dk\/?p=1205"},"modified":"2022-07-13T11:54:50","modified_gmt":"2022-07-13T09:54:50","slug":"soendermoelles-stemmevaerk","status":"publish","type":"post","link":"http:\/\/bymanden.dk\/?p=1205","title":{"rendered":"S\u00f8nderm\u00f8lles stemmev\u00e6rk"},"content":{"rendered":"\n<figure class=\"wp-block-image size-large\"><img loading=\"lazy\" decoding=\"async\" width=\"1024\" height=\"768\" src=\"http:\/\/bymanden.dk\/wp-content\/uploads\/2022\/07\/thumbnail_IMG_1545-1024x768.jpg\" alt=\"\" class=\"wp-image-1206\" srcset=\"http:\/\/bymanden.dk\/wp-content\/uploads\/2022\/07\/thumbnail_IMG_1545-1024x768.jpg 1024w, http:\/\/bymanden.dk\/wp-content\/uploads\/2022\/07\/thumbnail_IMG_1545-300x225.jpg 300w, http:\/\/bymanden.dk\/wp-content\/uploads\/2022\/07\/thumbnail_IMG_1545-768x576.jpg 768w, http:\/\/bymanden.dk\/wp-content\/uploads\/2022\/07\/thumbnail_IMG_1545.jpg 1280w\" sizes=\"auto, (max-width: 1024px) 100vw, 1024px\" \/><\/figure>\n\n\n\n<p>Hvor er det let at st\u00e5 og fortabe sig ved S\u00f8nderm\u00f8lles stemmev\u00e6rk. Den stille m\u00f8lledam og det fossende fald mod m\u00f8llen giver et meget godt billede af, hvad filosoffen Ludvig Feilberg mente, da han om kreativ tankegang sagde: &#8220;Der m\u00e5 h\u00e6mmes, f\u00f8r der kan fremmes.&#8221;<\/p>\n\n\n\n<p>S\u00f8nderm\u00f8lles afl\u00f8b har i umindelige tider drevet et m\u00f8llehjul. Et rigtigt stemmev\u00e6rk med d\u00e6mning og genneml\u00f8b fik stedet m\u00e5ske i 1313, da Erik Menved skulle bruge vand til voldgraven p\u00e5 Borgvold. Anl\u00e6gget fik Viborgs\u00f8ernes vandspejl til at h\u00e6ve sig med cirka to meter, og s\u00e5dan har det v\u00e6ret siden.<\/p>\n\n\n\n<p>I de f\u00f8rste mange \u00e5r med d\u00e6mningen rakte s\u00f8en en lavvandet arm helt ind til S\u00f8nderm\u00f8lle. Efterh\u00e5nden groede lavningen til, og s\u00f8en holder sig nu til en gr\u00e6nse ved Amtmandens Bro. Herfra til Bruunsh\u00e5b har S\u00f8nderm\u00f8lle \u00c5 et ganske p\u00e6nt fald, hele syv meter.<\/p>\n\n\n\n<p>Det meste af tiden har S\u00f8nderm\u00f8lle h\u00f8rt under Asmild Kloster, f\u00f8rst selve klostret, siden herreg\u00e5rden. Indtil de driftige Bruuner kom til i begyndelsen af 1800-\u00e5rene, var den melm\u00f8lle; s\u00e5 tog det fart med at valke og farve kl\u00e6de. Siden stod den p\u00e5 kunstg\u00f8dning af benmel og svovlsyre.<\/p>\n\n\n\n<p>Fra 1890 og sm\u00e5 100 \u00e5r frem var S\u00f8nderm\u00f8lle uldcentral. Det var et form\u00e5l, der kl\u00e6dte den natursk\u00f8nne plet. Dagens kommunalt drevne kultur- og naturcenter g\u00f8r ogs\u00e5 S\u00f8nderm\u00f8lle \u00e6re.<\/p>\n\n\n\n<p>Tillad mig at skyde en lille erindring ind. S\u00f8nderm\u00f8lles \u00e5lekiste var i mange \u00e5r temmelig indbringende. \u00c5lene n\u00e6rmest v\u00e6ltede rundt i f\u00e6lden. Da jeg et \u00e5r deltog i byr\u00e5dets &#8220;budgetmiddag&#8221;, stod den p\u00e5 \u00e5l fra \u00e5lekisten.<\/p>\n\n\n\n<p>Stegte \u00e5l byder mig meget imod, hvilket jeg havde antydet over for borgmesteren. Ved min plads stod en stor sk\u00e5l med frikadeller, og s\u00e5 var jeg kisteglad.<\/p>\n","protected":false},"excerpt":{"rendered":"<p>Hvor er det let at st\u00e5 og fortabe sig ved S\u00f8nderm\u00f8lles stemmev\u00e6rk. Den stille m\u00f8lledam og det fossende fald mod m\u00f8llen giver et meget godt billede af, hvad filosoffen Ludvig Feilberg mente, da han om kreativ tankegang sagde: &#8220;Der m\u00e5 h\u00e6mmes, f\u00f8r der kan fremmes.&#8221; S\u00f8nderm\u00f8lles afl\u00f8b har i umindelige tider drevet et m\u00f8llehjul. Et &hellip; <a href=\"http:\/\/bymanden.dk\/?p=1205\" class=\"more-link\">L\u00e6s mere <span class=\"screen-reader-text\">S\u00f8nderm\u00f8lles stemmev\u00e6rk<\/span><\/a><\/p>\n","protected":false},"author":1,"featured_media":0,"comment_status":"open","ping_status":"open","sticky":false,"template":"","format":"standard","meta":{"footnotes":""},"categories":[13],"tags":[],"class_list":["post-1205","post","type-post","status-publish","format-standard","hentry","category-dvaelestedet"],"_links":{"self":[{"href":"http:\/\/bymanden.dk\/index.php?rest_route=\/wp\/v2\/posts\/1205","targetHints":{"allow":["GET"]}}],"collection":[{"href":"http:\/\/bymanden.dk\/index.php?rest_route=\/wp\/v2\/posts"}],"about":[{"href":"http:\/\/bymanden.dk\/index.php?rest_route=\/wp\/v2\/types\/post"}],"author":[{"embeddable":true,"href":"http:\/\/bymanden.dk\/index.php?rest_route=\/wp\/v2\/users\/1"}],"replies":[{"embeddable":true,"href":"http:\/\/bymanden.dk\/index.php?rest_route=%2Fwp%2Fv2%2Fcomments&post=1205"}],"version-history":[{"count":0,"href":"http:\/\/bymanden.dk\/index.php?rest_route=\/wp\/v2\/posts\/1205\/revisions"}],"wp:attachment":[{"href":"http:\/\/bymanden.dk\/index.php?rest_route=%2Fwp%2Fv2%2Fmedia&parent=1205"}],"wp:term":[{"taxonomy":"category","embeddable":true,"href":"http:\/\/bymanden.dk\/index.php?rest_route=%2Fwp%2Fv2%2Fcategories&post=1205"},{"taxonomy":"post_tag","embeddable":true,"href":"http:\/\/bymanden.dk\/index.php?rest_route=%2Fwp%2Fv2%2Ftags&post=1205"}],"curies":[{"name":"wp","href":"https:\/\/api.w.org\/{rel}","templated":true}]}}