{"id":424,"date":"2020-05-04T10:32:58","date_gmt":"2020-05-04T08:32:58","guid":{"rendered":"http:\/\/bymanden.dk\/?p=424"},"modified":"2020-05-04T10:32:58","modified_gmt":"2020-05-04T08:32:58","slug":"at-se-ting-i-det-rette-perspektiv","status":"publish","type":"post","link":"http:\/\/bymanden.dk\/?p=424","title":{"rendered":"At se ting i det rette perspektiv"},"content":{"rendered":"\n<figure class=\"wp-block-image size-large\"><img loading=\"lazy\" decoding=\"async\" width=\"768\" height=\"1024\" src=\"http:\/\/bymanden.dk\/wp-content\/uploads\/2020\/05\/Forsthave-768x1024.jpg\" alt=\"\" class=\"wp-image-425\" srcset=\"http:\/\/bymanden.dk\/wp-content\/uploads\/2020\/05\/Forsthave-768x1024.jpg 768w, http:\/\/bymanden.dk\/wp-content\/uploads\/2020\/05\/Forsthave-225x300.jpg 225w, http:\/\/bymanden.dk\/wp-content\/uploads\/2020\/05\/Forsthave.jpg 960w\" sizes=\"auto, (max-width: 768px) 100vw, 768px\" \/><\/figure>\n\n\n\n<p>Til faglig brug har Forstbotanisk Have \u00f8st for S\u00f8nders\u00f8 aldrig v\u00e6ret meget bevendt. Men som lystanl\u00e6g, mine damer og herrer, har det en rolle at spille. Og ej blot til lyst, men ogs\u00e5 til eftertanke.<\/p>\n\n\n\n<p>N\u00e5r jeg tusser rundt i anl\u00e6gget, kommer jeg til at\nt\u00e6nke p\u00e5 gamle dages perspektivkasser. Fra Oehlenschl\u00e4gers digt om den gamle\nmand med perspektivkassen ved vi, hvor dragende den slags kukkasser har virket\np\u00e5 publikum.<\/p>\n\n\n\n<p>Med matematisk snilde, flotte bemalinger og fikse\ns\u00e6tstykker har konstrukt\u00f8ren sat et motiv i perspektiv. Et kirkerum her, en\nhyrdescene der. Gennem \u00e9t eller flere huller har betragteren kunnet studere den\nhele herlighed.<\/p>\n\n\n\n<p>Forstbotanisk Have skr\u00e5ner mod syd og vest. Sm\u00e5toppe\nog slugter f\u00f8rer \u00f8jet, men f\u00f8rst den brogede samling af tr\u00e6er, ikke mindst de majest\u00e6tiske\nmed n\u00e5le, sikrer en oplevelse af dimensioner. Blot at skue langt i det rene\ningenting er omsonst. Men n\u00e5r blikket s\u00e5 at sige skal l\u00f8be et forhindringsl\u00f8b\nmellem lysninger og fort\u00e6tninger for at n\u00e5 sit m\u00e5l, har det meget at fort\u00e6lle,\nn\u00e5r det forpustet vender tilbage.<\/p>\n\n\n\n<p>Den over 100-\u00e5rige have er en perspektivkasse i den\nfulde skala. Det kan da v\u00e6re meget godt med Klostermarkens vide udsigter, men\nf\u00f8rst i Forstbotanisk Have kommer de i det rette perspektiv.<\/p>\n\n\n\n<p>P\u00e5 samme m\u00e5de kan vi leve et helt liv med tomme\nudsigter. Lur mig, om ikke denne tids genvordigheder har f\u00e5et \u00e9n og anden til\nat se sagerne i et nyt perspektiv. Noget godt m\u00e5 der da komme ud af\nredeligheden.<\/p>\n\n\n\n<p>Psykiateren Viktor E. Frankl (1905-1997) var i tre\n\u00e5r fange i noget s\u00e5 udsigtsl\u00f8st som koncentrationslejren Auschwitz; men det var\nparadoksalt nok her, han fik vished for, at han var p\u00e5 rette vej med sin\nlogoterapi. Den er en \u00e5ndelig terapi, der bygger p\u00e5 &#8220;viljen til\nmening&#8221;. Midt i lejrens gru fandt han beviser p\u00e5 filosoffen Nietzsches\nord: &#8220;Den, der ved, hvorfor han lever, kan t\u00e5le n\u00e6sten et hvilket som\nhelst hvordan.&#8221;<\/p>\n\n\n\n<p>Som en lille opmuntring fra perspektivkassemanden og\nForstbotanisk Have viderebringer Bymanden dette Frankl-citat:<\/p>\n\n\n\n<p>&#8220;Lev, som om du levede for anden gang, og som\nom du f\u00f8rste gang handlede lige s\u00e5 forkert, som du er ved at handle nu.&#8221;<\/p>\n","protected":false},"excerpt":{"rendered":"<p>Til faglig brug har Forstbotanisk Have \u00f8st for S\u00f8nders\u00f8 aldrig v\u00e6ret meget bevendt. Men som lystanl\u00e6g, mine damer og herrer, har det en rolle at spille. Og ej blot til lyst, men ogs\u00e5 til eftertanke. N\u00e5r jeg tusser rundt i anl\u00e6gget, kommer jeg til at t\u00e6nke p\u00e5 gamle dages perspektivkasser. Fra Oehlenschl\u00e4gers digt om den &hellip; <a href=\"http:\/\/bymanden.dk\/?p=424\" class=\"more-link\">L\u00e6s mere <span class=\"screen-reader-text\">At se ting i det rette perspektiv<\/span><\/a><\/p>\n","protected":false},"author":1,"featured_media":0,"comment_status":"open","ping_status":"open","sticky":false,"template":"","format":"standard","meta":{"footnotes":""},"categories":[2],"tags":[],"class_list":["post-424","post","type-post","status-publish","format-standard","hentry","category-bymanden-oever-sig-i-kunsten-at-goere-det-snaevre-vidtfavnende"],"_links":{"self":[{"href":"http:\/\/bymanden.dk\/index.php?rest_route=\/wp\/v2\/posts\/424","targetHints":{"allow":["GET"]}}],"collection":[{"href":"http:\/\/bymanden.dk\/index.php?rest_route=\/wp\/v2\/posts"}],"about":[{"href":"http:\/\/bymanden.dk\/index.php?rest_route=\/wp\/v2\/types\/post"}],"author":[{"embeddable":true,"href":"http:\/\/bymanden.dk\/index.php?rest_route=\/wp\/v2\/users\/1"}],"replies":[{"embeddable":true,"href":"http:\/\/bymanden.dk\/index.php?rest_route=%2Fwp%2Fv2%2Fcomments&post=424"}],"version-history":[{"count":0,"href":"http:\/\/bymanden.dk\/index.php?rest_route=\/wp\/v2\/posts\/424\/revisions"}],"wp:attachment":[{"href":"http:\/\/bymanden.dk\/index.php?rest_route=%2Fwp%2Fv2%2Fmedia&parent=424"}],"wp:term":[{"taxonomy":"category","embeddable":true,"href":"http:\/\/bymanden.dk\/index.php?rest_route=%2Fwp%2Fv2%2Fcategories&post=424"},{"taxonomy":"post_tag","embeddable":true,"href":"http:\/\/bymanden.dk\/index.php?rest_route=%2Fwp%2Fv2%2Ftags&post=424"}],"curies":[{"name":"wp","href":"https:\/\/api.w.org\/{rel}","templated":true}]}}